{"id":5128,"date":"2026-08-31T17:07:32","date_gmt":"2026-08-31T16:07:32","guid":{"rendered":"https:\/\/transportelatino.com\/?p=5128"},"modified":"2026-08-31T17:07:34","modified_gmt":"2026-08-31T16:07:34","slug":"la-nueva-generacion-de-camiones-electricos-sigue-avanzando","status":"publish","type":"post","link":"https:\/\/transportelatino.com\/?p=5128","title":{"rendered":"LA NUEVA GENERACI\u00d3N DE CAMIONES EL\u00c9CTRICOS SIGUE AVANZANDO"},"content":{"rendered":"\n<h3 class=\"wp-block-heading\">M\u00e1s autonom\u00eda, mayor capacidad y nuevas plataformas est\u00e1n acercando la electrificaci\u00f3n a operaciones cada vez m\u00e1s exigentes<\/h3>\n\n\n\n<p class=\"wp-block-paragraph\">Los camiones el\u00e9ctricos ya no son \u00fanicamente una alternativa experimental para recorridos urbanos. En 2026, los fabricantes est\u00e1n llevando la tecnolog\u00eda hacia aplicaciones regionales, distribuci\u00f3n, construcci\u00f3n e incluso rutas de mayor distancia. Las nuevas generaciones llegan con bater\u00edas m\u00e1s capaces, sistemas de carga m\u00e1s r\u00e1pidos y plataformas dise\u00f1adas desde el principio para integrar diferentes tipos de propulsi\u00f3n.<\/p>\n\n\n\n<p class=\"wp-block-paragraph\"><strong>M\u00c1S AUTONOM\u00cdA, MENOS LIMITACIONES<\/strong><\/p>\n\n\n\n<p class=\"wp-block-paragraph\">Uno de los principales obst\u00e1culos para la electrificaci\u00f3n siempre ha sido la autonom\u00eda. La nueva generaci\u00f3n empieza a cambiar esa ecuaci\u00f3n.<\/p>\n\n\n\n<p class=\"wp-block-paragraph\">Volvo Trucks present\u00f3 en abril una nueva gama el\u00e9ctrica para Europa que incluye el FH Aero Electric, con una autonom\u00eda anunciada de hasta 700 kil\u00f3metros con una carga, adem\u00e1s de nuevas versiones el\u00e9ctricas de los FH, FM y FMX, capaces de alcanzar hasta 470 kil\u00f3metros dependiendo de la configuraci\u00f3n. La compa\u00f1\u00eda tambi\u00e9n incorpor\u00f3 sistemas de carga de hasta 700 kW. &nbsp;<\/p>\n\n\n\n<p class=\"wp-block-paragraph\">El avance no significa que todos los camiones el\u00e9ctricos est\u00e9n preparados para sustituir inmediatamente a un tractocami\u00f3n di\u00e9sel en cualquier operaci\u00f3n. La autonom\u00eda real depende del peso, la temperatura, el terreno, el viento y el estilo de conducci\u00f3n. Pero s\u00ed demuestra que la tecnolog\u00eda est\u00e1 ampliando progresivamente el tipo de trabajos que puede realizar.<\/p>\n\n\n\n<p class=\"wp-block-paragraph\">VOLVO PREPARA SU SIGUIENTE GENERACI\u00d3N<\/p>\n\n\n\n<p class=\"wp-block-paragraph\">En Norteam\u00e9rica, Volvo Trucks est\u00e1 desarrollando el VNL Electric, una nueva generaci\u00f3n destinada principalmente al transporte regional, drayage y distribuci\u00f3n urbana.<\/p>\n\n\n\n<p class=\"wp-block-paragraph\">El nuevo modelo estar\u00e1 construido sobre la plataforma del VNL y utilizar\u00e1 la plataforma de bater\u00edas Proterra Onyx, fabricada en Estados Unidos. Volvo se\u00f1ala que su desarrollo se basa en m\u00e1s de siete a\u00f1os de experiencia con camiones el\u00e9ctricos en diferentes mercados. &nbsp;<\/p>\n\n\n\n<p class=\"wp-block-paragraph\">La experiencia acumulada ya es considerable. Seg\u00fan Volvo Trucks North America, m\u00e1s de 750 camiones el\u00e9ctricos de la marca est\u00e1n operando actualmente en Estados Unidos y Canad\u00e1, acumulando m\u00e1s de 30 millones de millas sin emisiones por el tubo de escape. &nbsp;<\/p>\n\n\n\n<p class=\"wp-block-paragraph\"><strong>EL ELECTRICO TAMBI\u00c9N ENTRA EN EL TRABAJO PESADO<\/strong><\/p>\n\n\n\n<p class=\"wp-block-paragraph\">La evoluci\u00f3n no se limita a los camiones de distribuci\u00f3n. Volvo tambi\u00e9n est\u00e1 ampliando las posibilidades del VNR Electric mediante un sistema de toma de fuerza el\u00e9ctrica (ePTO).<\/p>\n\n\n\n<p class=\"wp-block-paragraph\">La tecnolog\u00eda permite utilizar la bater\u00eda del propio cami\u00f3n para alimentar equipos auxiliares, eliminando la necesidad de mantener un motor di\u00e9sel funcionando para determinadas tareas. Esto abre nuevas posibilidades para aplicaciones como construcci\u00f3n, recolecci\u00f3n de residuos y otros trabajos vocacionales. &nbsp;<\/p>\n\n\n\n<p class=\"wp-block-paragraph\">Es un cambio importante porque demuestra que electrificar un cami\u00f3n no significa \u00fanicamente sustituir el motor. Tambi\u00e9n implica adaptar todo el ecosistema de trabajo que existe alrededor del veh\u00edculo.<\/p>\n\n\n\n<p class=\"wp-block-paragraph\"><strong>FREIGHTLINER YA EST\u00c1 EN LA CARRETERA<\/strong><\/p>\n\n\n\n<p class=\"wp-block-paragraph\">Mientras algunos fabricantes preparan nuevas generaciones, otros ya cuentan con veh\u00edculos el\u00e9ctricos trabajando en flotas comerciales.<\/p>\n\n\n\n<p class=\"wp-block-paragraph\">El Freightliner eCascadia es un Clase 8 basado en la conocida plataforma Cascadia. Actualmente ofrece configuraciones con autonom\u00edas t\u00edpicas de entre 155 y 230 millas, dependiendo de la bater\u00eda y el sistema de propulsi\u00f3n. Con la bater\u00eda de 438 kWh y la configuraci\u00f3n adecuada, puede alcanzar aproximadamente 220 millas, mientras que la carga del 0 al 80% puede realizarse en unos 90 minutos. &nbsp;<\/p>\n\n\n\n<p class=\"wp-block-paragraph\">Freightliner destaca adem\u00e1s que el modelo se desarroll\u00f3 despu\u00e9s de m\u00e1s de un mill\u00f3n de millas de pruebas y operaciones con flotas reales. &nbsp;<\/p>\n\n\n\n<p class=\"wp-block-paragraph\"><strong>EL RETO AHORA ES LA INFRAESTRUCTURA<\/strong><\/p>\n\n\n\n<p class=\"wp-block-paragraph\">El avance tecnol\u00f3gico est\u00e1 haciendo que el cami\u00f3n sea cada vez m\u00e1s capaz, pero todav\u00eda existe otro desaf\u00edo: d\u00f3nde y c\u00f3mo cargarlo.<\/p>\n\n\n\n<p class=\"wp-block-paragraph\">Una flota el\u00e9ctrica necesita planificar sus rutas teniendo en cuenta los tiempos de carga, la disponibilidad de energ\u00eda y la potencia necesaria. Para recorridos regionales con regreso diario a una misma terminal, la transici\u00f3n puede ser relativamente sencilla. Para largas distancias, en cambio, todav\u00eda se necesita una red de carga mucho m\u00e1s desarrollada.<\/p>\n\n\n\n<p class=\"wp-block-paragraph\">La industria tambi\u00e9n est\u00e1 aprendiendo a gestionar el peso y el costo de las bater\u00edas, as\u00ed como su impacto sobre la capacidad \u00fatil y la rentabilidad de cada operaci\u00f3n.<\/p>\n\n\n\n<p class=\"wp-block-paragraph\"><strong>UNA TRANSICI\u00d3N QUE YA EST\u00c1 EN MARCHA<\/strong><\/p>\n\n\n\n<p class=\"wp-block-paragraph\">El crecimiento de la electrificaci\u00f3n coincide adem\u00e1s con una recuperaci\u00f3n general de la demanda de nuevos camiones. ACT Research inform\u00f3 que los pedidos norteamericanos de Clase 8 alcanzaron 22,562 unidades en julio, un 71% m\u00e1s que un a\u00f1o antes, mientras que gran parte de la producci\u00f3n disponible para 2026 ya est\u00e1 comprometida. &nbsp;<\/p>\n\n\n\n<p class=\"wp-block-paragraph\">La electrificaci\u00f3n todav\u00eda representa una parte limitada del mercado pesado, pero la direcci\u00f3n tecnol\u00f3gica es clara. Los fabricantes est\u00e1n pasando de demostrar que un cami\u00f3n puede funcionar con bater\u00edas a desarrollar veh\u00edculos que puedan integrarse en operaciones comerciales concretas.<\/p>\n\n\n\n<p class=\"wp-block-paragraph\">El cami\u00f3n el\u00e9ctrico ya no est\u00e1 esperando a que llegue el futuro. Est\u00e1 aprendiendo a trabajar en el presente.<\/p>\n","protected":false},"excerpt":{"rendered":"<p>M\u00e1s autonom\u00eda, mayor capacidad y nuevas plataformas est\u00e1n acercando la electrificaci\u00f3n a operaciones cada vez m\u00e1s exigentes Los camiones el\u00e9ctricos ya no son \u00fanicamente una alternativa experimental para recorridos urbanos. En 2026, los fabricantes est\u00e1n llevando la tecnolog\u00eda hacia aplicaciones regionales, distribuci\u00f3n, construcci\u00f3n e incluso rutas de mayor distancia. Las nuevas generaciones llegan con bater\u00edas<\/p>\n","protected":false},"author":1,"featured_media":5129,"comment_status":"open","ping_status":"open","sticky":false,"template":"","format":"standard","meta":{"footnotes":""},"categories":[35],"tags":[6,4,9,15,36,11,8,7,10],"class_list":["post-5128","post","type-post","status-publish","format-standard","has-post-thumbnail","category-noticias","tag-camioneros","tag-featured","tag-latin-magazine","tag-mantenimiento","tag-noticias","tag-salud","tag-spanish-magazine","tag-transportistas","tag-trucks"],"_links":{"self":[{"href":"https:\/\/transportelatino.com\/index.php?rest_route=\/wp\/v2\/posts\/5128","targetHints":{"allow":["GET"]}}],"collection":[{"href":"https:\/\/transportelatino.com\/index.php?rest_route=\/wp\/v2\/posts"}],"about":[{"href":"https:\/\/transportelatino.com\/index.php?rest_route=\/wp\/v2\/types\/post"}],"author":[{"embeddable":true,"href":"https:\/\/transportelatino.com\/index.php?rest_route=\/wp\/v2\/users\/1"}],"replies":[{"embeddable":true,"href":"https:\/\/transportelatino.com\/index.php?rest_route=%2Fwp%2Fv2%2Fcomments&post=5128"}],"version-history":[{"count":1,"href":"https:\/\/transportelatino.com\/index.php?rest_route=\/wp\/v2\/posts\/5128\/revisions"}],"predecessor-version":[{"id":5130,"href":"https:\/\/transportelatino.com\/index.php?rest_route=\/wp\/v2\/posts\/5128\/revisions\/5130"}],"wp:featuredmedia":[{"embeddable":true,"href":"https:\/\/transportelatino.com\/index.php?rest_route=\/wp\/v2\/media\/5129"}],"wp:attachment":[{"href":"https:\/\/transportelatino.com\/index.php?rest_route=%2Fwp%2Fv2%2Fmedia&parent=5128"}],"wp:term":[{"taxonomy":"category","embeddable":true,"href":"https:\/\/transportelatino.com\/index.php?rest_route=%2Fwp%2Fv2%2Fcategories&post=5128"},{"taxonomy":"post_tag","embeddable":true,"href":"https:\/\/transportelatino.com\/index.php?rest_route=%2Fwp%2Fv2%2Ftags&post=5128"}],"curies":[{"name":"wp","href":"https:\/\/api.w.org\/{rel}","templated":true}]}}