{"id":5162,"date":"2026-08-31T17:35:46","date_gmt":"2026-08-31T16:35:46","guid":{"rendered":"https:\/\/transportelatino.com\/?p=5162"},"modified":"2026-08-31T17:35:46","modified_gmt":"2026-08-31T16:35:46","slug":"ford-transit-cargo-van-2026","status":"publish","type":"post","link":"https:\/\/transportelatino.com\/?p=5162","title":{"rendered":"FORD TRANSIT CARGO VAN 2026"},"content":{"rendered":"\n<figure class=\"wp-block-gallery has-nested-images columns-default is-cropped wp-block-gallery-1 is-layout-flex wp-block-gallery-is-layout-flex\">\n<figure class=\"wp-block-image size-large\"><img fetchpriority=\"high\" decoding=\"async\" width=\"1024\" height=\"439\" data-id=\"5163\" src=\"https:\/\/transportelatino.com\/wp-content\/uploads\/2026\/08\/ford3-1024x439.jpg\" alt=\"\" class=\"wp-image-5163\" srcset=\"https:\/\/transportelatino.com\/wp-content\/uploads\/2026\/08\/ford3-1024x439.jpg 1024w, https:\/\/transportelatino.com\/wp-content\/uploads\/2026\/08\/ford3-300x129.jpg 300w, https:\/\/transportelatino.com\/wp-content\/uploads\/2026\/08\/ford3-768x329.jpg 768w, https:\/\/transportelatino.com\/wp-content\/uploads\/2026\/08\/ford3-150x64.jpg 150w, https:\/\/transportelatino.com\/wp-content\/uploads\/2026\/08\/ford3-450x193.jpg 450w, https:\/\/transportelatino.com\/wp-content\/uploads\/2026\/08\/ford3-1200x514.jpg 1200w, https:\/\/transportelatino.com\/wp-content\/uploads\/2026\/08\/ford3.jpg 1400w\" sizes=\"(max-width: 1024px) 100vw, 1024px\" \/><\/figure>\n\n\n\n<figure class=\"wp-block-image size-large\"><img decoding=\"async\" width=\"1024\" height=\"439\" data-id=\"5164\" src=\"https:\/\/transportelatino.com\/wp-content\/uploads\/2026\/08\/ford6-1024x439.jpg\" alt=\"\" class=\"wp-image-5164\" srcset=\"https:\/\/transportelatino.com\/wp-content\/uploads\/2026\/08\/ford6-1024x439.jpg 1024w, https:\/\/transportelatino.com\/wp-content\/uploads\/2026\/08\/ford6-300x129.jpg 300w, https:\/\/transportelatino.com\/wp-content\/uploads\/2026\/08\/ford6-768x329.jpg 768w, https:\/\/transportelatino.com\/wp-content\/uploads\/2026\/08\/ford6-150x64.jpg 150w, https:\/\/transportelatino.com\/wp-content\/uploads\/2026\/08\/ford6-450x193.jpg 450w, https:\/\/transportelatino.com\/wp-content\/uploads\/2026\/08\/ford6-1200x514.jpg 1200w, https:\/\/transportelatino.com\/wp-content\/uploads\/2026\/08\/ford6.jpg 1400w\" sizes=\"(max-width: 1024px) 100vw, 1024px\" \/><\/figure>\n\n\n\n<figure class=\"wp-block-image size-large\"><img decoding=\"async\" width=\"1024\" height=\"439\" data-id=\"5169\" src=\"https:\/\/transportelatino.com\/wp-content\/uploads\/2026\/08\/ford12-1024x439.jpg\" alt=\"\" class=\"wp-image-5169\" srcset=\"https:\/\/transportelatino.com\/wp-content\/uploads\/2026\/08\/ford12-1024x439.jpg 1024w, https:\/\/transportelatino.com\/wp-content\/uploads\/2026\/08\/ford12-300x129.jpg 300w, https:\/\/transportelatino.com\/wp-content\/uploads\/2026\/08\/ford12-768x329.jpg 768w, https:\/\/transportelatino.com\/wp-content\/uploads\/2026\/08\/ford12-150x64.jpg 150w, https:\/\/transportelatino.com\/wp-content\/uploads\/2026\/08\/ford12-450x193.jpg 450w, https:\/\/transportelatino.com\/wp-content\/uploads\/2026\/08\/ford12-1200x514.jpg 1200w, https:\/\/transportelatino.com\/wp-content\/uploads\/2026\/08\/ford12.jpg 1400w\" sizes=\"(max-width: 1024px) 100vw, 1024px\" \/><\/figure>\n\n\n\n<figure class=\"wp-block-image size-large\"><img loading=\"lazy\" decoding=\"async\" width=\"1024\" height=\"439\" data-id=\"5170\" src=\"https:\/\/transportelatino.com\/wp-content\/uploads\/2026\/08\/ford13-1024x439.jpg\" alt=\"\" class=\"wp-image-5170\" srcset=\"https:\/\/transportelatino.com\/wp-content\/uploads\/2026\/08\/ford13-1024x439.jpg 1024w, https:\/\/transportelatino.com\/wp-content\/uploads\/2026\/08\/ford13-300x129.jpg 300w, https:\/\/transportelatino.com\/wp-content\/uploads\/2026\/08\/ford13-768x329.jpg 768w, https:\/\/transportelatino.com\/wp-content\/uploads\/2026\/08\/ford13-150x64.jpg 150w, https:\/\/transportelatino.com\/wp-content\/uploads\/2026\/08\/ford13-450x193.jpg 450w, https:\/\/transportelatino.com\/wp-content\/uploads\/2026\/08\/ford13-1200x514.jpg 1200w, https:\/\/transportelatino.com\/wp-content\/uploads\/2026\/08\/ford13.jpg 1400w\" sizes=\"(max-width: 1024px) 100vw, 1024px\" \/><\/figure>\n\n\n\n<figure class=\"wp-block-image size-large\"><img loading=\"lazy\" decoding=\"async\" width=\"1024\" height=\"439\" data-id=\"5171\" src=\"https:\/\/transportelatino.com\/wp-content\/uploads\/2026\/08\/ford14-1024x439.jpg\" alt=\"\" class=\"wp-image-5171\" srcset=\"https:\/\/transportelatino.com\/wp-content\/uploads\/2026\/08\/ford14-1024x439.jpg 1024w, https:\/\/transportelatino.com\/wp-content\/uploads\/2026\/08\/ford14-300x129.jpg 300w, https:\/\/transportelatino.com\/wp-content\/uploads\/2026\/08\/ford14-768x329.jpg 768w, https:\/\/transportelatino.com\/wp-content\/uploads\/2026\/08\/ford14-150x64.jpg 150w, https:\/\/transportelatino.com\/wp-content\/uploads\/2026\/08\/ford14-450x193.jpg 450w, https:\/\/transportelatino.com\/wp-content\/uploads\/2026\/08\/ford14-1200x514.jpg 1200w, https:\/\/transportelatino.com\/wp-content\/uploads\/2026\/08\/ford14.jpg 1400w\" sizes=\"(max-width: 1024px) 100vw, 1024px\" \/><\/figure>\n\n\n\n<figure class=\"wp-block-image size-large\"><img loading=\"lazy\" decoding=\"async\" width=\"1024\" height=\"449\" data-id=\"5166\" src=\"https:\/\/transportelatino.com\/wp-content\/uploads\/2026\/08\/ford8-1024x449.jpg\" alt=\"\" class=\"wp-image-5166\" srcset=\"https:\/\/transportelatino.com\/wp-content\/uploads\/2026\/08\/ford8-1024x449.jpg 1024w, https:\/\/transportelatino.com\/wp-content\/uploads\/2026\/08\/ford8-300x132.jpg 300w, https:\/\/transportelatino.com\/wp-content\/uploads\/2026\/08\/ford8-768x337.jpg 768w, https:\/\/transportelatino.com\/wp-content\/uploads\/2026\/08\/ford8-150x66.jpg 150w, https:\/\/transportelatino.com\/wp-content\/uploads\/2026\/08\/ford8-450x197.jpg 450w, https:\/\/transportelatino.com\/wp-content\/uploads\/2026\/08\/ford8-1200x526.jpg 1200w, https:\/\/transportelatino.com\/wp-content\/uploads\/2026\/08\/ford8.jpg 1400w\" sizes=\"(max-width: 1024px) 100vw, 1024px\" \/><\/figure>\n\n\n\n<figure class=\"wp-block-image size-large\"><img loading=\"lazy\" decoding=\"async\" width=\"1024\" height=\"448\" data-id=\"5165\" src=\"https:\/\/transportelatino.com\/wp-content\/uploads\/2026\/08\/ford7-1024x448.jpg\" alt=\"\" class=\"wp-image-5165\" srcset=\"https:\/\/transportelatino.com\/wp-content\/uploads\/2026\/08\/ford7-1024x448.jpg 1024w, https:\/\/transportelatino.com\/wp-content\/uploads\/2026\/08\/ford7-300x131.jpg 300w, https:\/\/transportelatino.com\/wp-content\/uploads\/2026\/08\/ford7-768x336.jpg 768w, https:\/\/transportelatino.com\/wp-content\/uploads\/2026\/08\/ford7-150x66.jpg 150w, https:\/\/transportelatino.com\/wp-content\/uploads\/2026\/08\/ford7-450x197.jpg 450w, https:\/\/transportelatino.com\/wp-content\/uploads\/2026\/08\/ford7-1200x525.jpg 1200w, https:\/\/transportelatino.com\/wp-content\/uploads\/2026\/08\/ford7.jpg 1400w\" sizes=\"(max-width: 1024px) 100vw, 1024px\" \/><\/figure>\n\n\n\n<figure class=\"wp-block-image size-large\"><img loading=\"lazy\" decoding=\"async\" width=\"1024\" height=\"448\" data-id=\"5167\" src=\"https:\/\/transportelatino.com\/wp-content\/uploads\/2026\/08\/ford9-1024x448.jpg\" alt=\"\" class=\"wp-image-5167\" srcset=\"https:\/\/transportelatino.com\/wp-content\/uploads\/2026\/08\/ford9-1024x448.jpg 1024w, https:\/\/transportelatino.com\/wp-content\/uploads\/2026\/08\/ford9-300x131.jpg 300w, https:\/\/transportelatino.com\/wp-content\/uploads\/2026\/08\/ford9-768x336.jpg 768w, https:\/\/transportelatino.com\/wp-content\/uploads\/2026\/08\/ford9-150x66.jpg 150w, https:\/\/transportelatino.com\/wp-content\/uploads\/2026\/08\/ford9-450x197.jpg 450w, https:\/\/transportelatino.com\/wp-content\/uploads\/2026\/08\/ford9-1200x525.jpg 1200w, https:\/\/transportelatino.com\/wp-content\/uploads\/2026\/08\/ford9.jpg 1400w\" sizes=\"(max-width: 1024px) 100vw, 1024px\" \/><\/figure>\n\n\n\n<figure class=\"wp-block-image size-large\"><img loading=\"lazy\" decoding=\"async\" width=\"1024\" height=\"448\" data-id=\"5168\" src=\"https:\/\/transportelatino.com\/wp-content\/uploads\/2026\/08\/ford11-1024x448.jpg\" alt=\"\" class=\"wp-image-5168\" srcset=\"https:\/\/transportelatino.com\/wp-content\/uploads\/2026\/08\/ford11-1024x448.jpg 1024w, https:\/\/transportelatino.com\/wp-content\/uploads\/2026\/08\/ford11-300x131.jpg 300w, https:\/\/transportelatino.com\/wp-content\/uploads\/2026\/08\/ford11-768x336.jpg 768w, https:\/\/transportelatino.com\/wp-content\/uploads\/2026\/08\/ford11-150x66.jpg 150w, https:\/\/transportelatino.com\/wp-content\/uploads\/2026\/08\/ford11-450x197.jpg 450w, https:\/\/transportelatino.com\/wp-content\/uploads\/2026\/08\/ford11-1200x525.jpg 1200w, https:\/\/transportelatino.com\/wp-content\/uploads\/2026\/08\/ford11.jpg 1400w\" sizes=\"(max-width: 1024px) 100vw, 1024px\" \/><\/figure>\n<\/figure>\n\n\n\n<h3 class=\"wp-block-heading\">La Ford Transit Cargo Van llega a 2026 manteniendo una f\u00f3rmula que ha convertido a esta van en una de las herramientas comerciales m\u00e1s reconocibles de Norteam\u00e9rica: diferentes tama\u00f1os, motores, alturas de techo y posibilidades de configuraci\u00f3n para que cada negocio pueda adaptar el veh\u00edculo a su trabajo. M\u00e1s que una simple van de carga, la Transit funciona como una plataforma sobre la que pueden construirse innumerables operaciones profesionales.<\/h3>\n\n\n\n<figure class=\"wp-block-image size-large\"><img loading=\"lazy\" decoding=\"async\" width=\"1024\" height=\"439\" src=\"http:\/\/transportelatino.com\/wp-content\/uploads\/2026\/08\/ford14-1024x439.jpg\" alt=\"\" class=\"wp-image-5171\" srcset=\"https:\/\/transportelatino.com\/wp-content\/uploads\/2026\/08\/ford14-1024x439.jpg 1024w, https:\/\/transportelatino.com\/wp-content\/uploads\/2026\/08\/ford14-300x129.jpg 300w, https:\/\/transportelatino.com\/wp-content\/uploads\/2026\/08\/ford14-768x329.jpg 768w, https:\/\/transportelatino.com\/wp-content\/uploads\/2026\/08\/ford14-150x64.jpg 150w, https:\/\/transportelatino.com\/wp-content\/uploads\/2026\/08\/ford14-450x193.jpg 450w, https:\/\/transportelatino.com\/wp-content\/uploads\/2026\/08\/ford14-1200x514.jpg 1200w, https:\/\/transportelatino.com\/wp-content\/uploads\/2026\/08\/ford14.jpg 1400w\" sizes=\"(max-width: 1024px) 100vw, 1024px\" \/><\/figure>\n\n\n\n<p class=\"wp-block-paragraph\"><strong>UNA VAN PARA CADA NEGOCIO<\/strong><\/p>\n\n\n\n<p class=\"wp-block-paragraph\">Una de las mayores virtudes de la Transit es precisamente su variedad. Para 2026, la Cargo Van puede configurarse con carrocer\u00eda Regular, Long o Long-EL, mientras existen techos bajo, medio y alto. Esta combinaci\u00f3n permite elegir entre un veh\u00edculo relativamente compacto para trabajos urbanos y una unidad de gran capacidad destinada a transportar herramientas, mercanc\u00eda o equipos voluminosos.<\/p>\n\n\n\n<p class=\"wp-block-paragraph\">La versi\u00f3n de techo alto Long-EL alcanza una longitud exterior de 6.7 metros y ofrece hasta 15,188 litros de volumen m\u00e1ximo de carga. En el otro extremo, una Transit de tama\u00f1o regular mantiene unas dimensiones m\u00e1s f\u00e1ciles de manejar en calles y estacionamientos estrechos. La idea es sencilla: no todos los profesionales necesitan la misma cantidad de espacio.<\/p>\n\n\n\n<figure class=\"wp-block-image size-large\"><img loading=\"lazy\" decoding=\"async\" width=\"1024\" height=\"439\" src=\"http:\/\/transportelatino.com\/wp-content\/uploads\/2026\/08\/ford13-1024x439.jpg\" alt=\"\" class=\"wp-image-5170\" srcset=\"https:\/\/transportelatino.com\/wp-content\/uploads\/2026\/08\/ford13-1024x439.jpg 1024w, https:\/\/transportelatino.com\/wp-content\/uploads\/2026\/08\/ford13-300x129.jpg 300w, https:\/\/transportelatino.com\/wp-content\/uploads\/2026\/08\/ford13-768x329.jpg 768w, https:\/\/transportelatino.com\/wp-content\/uploads\/2026\/08\/ford13-150x64.jpg 150w, https:\/\/transportelatino.com\/wp-content\/uploads\/2026\/08\/ford13-450x193.jpg 450w, https:\/\/transportelatino.com\/wp-content\/uploads\/2026\/08\/ford13-1200x514.jpg 1200w, https:\/\/transportelatino.com\/wp-content\/uploads\/2026\/08\/ford13.jpg 1400w\" sizes=\"(max-width: 1024px) 100vw, 1024px\" \/><\/figure>\n\n\n\n<p class=\"wp-block-paragraph\"><strong>ESPACIO QUE SE PUEDE APROVECHAR<\/strong><\/p>\n\n\n\n<p class=\"wp-block-paragraph\">El interior ha sido dise\u00f1ado alrededor de una prioridad muy concreta: aprovechar cada cent\u00edmetro disponible. Dependiendo de la combinaci\u00f3n de longitud y techo, la zona de carga puede superar los cuatro metros de longitud y alcanzar una altura interior m\u00e1xima de 2.07 metros. La anchura entre los pasos de rueda llega a 1.39 metros en las configuraciones de rueda sencilla.<\/p>\n\n\n\n<p class=\"wp-block-paragraph\">Tambi\u00e9n existen diferentes posibilidades para organizar el espacio interior y facilitar el acceso a la carga. Las puertas laterales corredizas y las puertas traseras permiten trabajar desde diferentes puntos, algo especialmente \u00fatil cuando la Transit se convierte en taller m\u00f3vil, veh\u00edculo de reparto o unidad para transportar herramientas.<\/p>\n\n\n\n<figure class=\"wp-block-image size-large\"><img loading=\"lazy\" decoding=\"async\" width=\"1024\" height=\"439\" src=\"http:\/\/transportelatino.com\/wp-content\/uploads\/2026\/08\/ford12-1024x439.jpg\" alt=\"\" class=\"wp-image-5169\" srcset=\"https:\/\/transportelatino.com\/wp-content\/uploads\/2026\/08\/ford12-1024x439.jpg 1024w, https:\/\/transportelatino.com\/wp-content\/uploads\/2026\/08\/ford12-300x129.jpg 300w, https:\/\/transportelatino.com\/wp-content\/uploads\/2026\/08\/ford12-768x329.jpg 768w, https:\/\/transportelatino.com\/wp-content\/uploads\/2026\/08\/ford12-150x64.jpg 150w, https:\/\/transportelatino.com\/wp-content\/uploads\/2026\/08\/ford12-450x193.jpg 450w, https:\/\/transportelatino.com\/wp-content\/uploads\/2026\/08\/ford12-1200x514.jpg 1200w, https:\/\/transportelatino.com\/wp-content\/uploads\/2026\/08\/ford12.jpg 1400w\" sizes=\"(max-width: 1024px) 100vw, 1024px\" \/><\/figure>\n\n\n\n<p class=\"wp-block-paragraph\"><strong>DOS MOTORES V6<\/strong><\/p>\n\n\n\n<p class=\"wp-block-paragraph\">Ford ofrece para la Transit Cargo Van dos opciones de motor V6 de 3.5 litros. El propulsor PFDI desarrolla 275 caballos de fuerza y 260 lb-pie de torque, mientras que el disponible EcoBoost alcanza 300 hp y 400 lb-pie. Ambos trabajan con una transmisi\u00f3n autom\u00e1tica SelectShift de diez velocidades.<\/p>\n\n\n\n<p class=\"wp-block-paragraph\">La combinaci\u00f3n busca ofrecer una respuesta adecuada tanto con el veh\u00edculo vac\u00edo como cuando la zona de carga est\u00e1 completamente aprovechada. El EcoBoost, con sus 400 lb-pie, resulta especialmente interesante para quienes necesitan mayor capacidad de respuesta al transportar cargas o remolcar.<\/p>\n\n\n\n<figure class=\"wp-block-image size-large\"><img loading=\"lazy\" decoding=\"async\" width=\"1024\" height=\"439\" src=\"http:\/\/transportelatino.com\/wp-content\/uploads\/2026\/08\/ford6-1024x439.jpg\" alt=\"\" class=\"wp-image-5164\" srcset=\"https:\/\/transportelatino.com\/wp-content\/uploads\/2026\/08\/ford6-1024x439.jpg 1024w, https:\/\/transportelatino.com\/wp-content\/uploads\/2026\/08\/ford6-300x129.jpg 300w, https:\/\/transportelatino.com\/wp-content\/uploads\/2026\/08\/ford6-768x329.jpg 768w, https:\/\/transportelatino.com\/wp-content\/uploads\/2026\/08\/ford6-150x64.jpg 150w, https:\/\/transportelatino.com\/wp-content\/uploads\/2026\/08\/ford6-450x193.jpg 450w, https:\/\/transportelatino.com\/wp-content\/uploads\/2026\/08\/ford6-1200x514.jpg 1200w, https:\/\/transportelatino.com\/wp-content\/uploads\/2026\/08\/ford6.jpg 1400w\" sizes=\"(max-width: 1024px) 100vw, 1024px\" \/><\/figure>\n\n\n\n<p class=\"wp-block-paragraph\"><strong>TRACCI\u00d3N PARA DIFERENTES CONDICIONES<\/strong><\/p>\n\n\n\n<p class=\"wp-block-paragraph\">La Transit Cargo Van ofrece tracci\u00f3n trasera como configuraci\u00f3n est\u00e1ndar y puede equiparse con Intelligent All-Wheel Drive. Esta posibilidad ampl\u00eda su utilidad para profesionales que trabajan en regiones donde la lluvia, la nieve o los caminos sin pavimentar forman parte habitual de la jornada.<\/p>\n\n\n\n<p class=\"wp-block-paragraph\">La tracci\u00f3n integral no convierte a la Transit en un veh\u00edculo todoterreno, pero s\u00ed puede proporcionar una dosis adicional de confianza cuando las condiciones reducen la adherencia. Para una herramienta de trabajo que debe seguir funcionando independientemente del clima, es una caracter\u00edstica especialmente \u00fatil.<\/p>\n\n\n\n<figure class=\"wp-block-image size-large\"><img loading=\"lazy\" decoding=\"async\" width=\"1024\" height=\"439\" src=\"http:\/\/transportelatino.com\/wp-content\/uploads\/2026\/08\/ford3-1024x439.jpg\" alt=\"\" class=\"wp-image-5163\" srcset=\"https:\/\/transportelatino.com\/wp-content\/uploads\/2026\/08\/ford3-1024x439.jpg 1024w, https:\/\/transportelatino.com\/wp-content\/uploads\/2026\/08\/ford3-300x129.jpg 300w, https:\/\/transportelatino.com\/wp-content\/uploads\/2026\/08\/ford3-768x329.jpg 768w, https:\/\/transportelatino.com\/wp-content\/uploads\/2026\/08\/ford3-150x64.jpg 150w, https:\/\/transportelatino.com\/wp-content\/uploads\/2026\/08\/ford3-450x193.jpg 450w, https:\/\/transportelatino.com\/wp-content\/uploads\/2026\/08\/ford3-1200x514.jpg 1200w, https:\/\/transportelatino.com\/wp-content\/uploads\/2026\/08\/ford3.jpg 1400w\" sizes=\"(max-width: 1024px) 100vw, 1024px\" \/><\/figure>\n\n\n\n<p class=\"wp-block-paragraph\"><strong>CARGAR M\u00c1S SIN COMPLICAR EL TRABAJO<\/strong><\/p>\n\n\n\n<p class=\"wp-block-paragraph\">La capacidad de carga depende de la configuraci\u00f3n, pero algunas versiones pueden superar las 3,400 libras de carga \u00fatil. Tambi\u00e9n existen diferentes capacidades de peso bruto y configuraciones de ruedas sencillas o dobles para adaptar el veh\u00edculo a distintas exigencias profesionales.<\/p>\n\n\n\n<p class=\"wp-block-paragraph\">El acceso es igualmente importante. Una altura de carga relativamente baja facilita introducir objetos pesados, mientras las grandes aberturas de las puertas traseras y laterales permiten cargar materiales voluminosos con mayor facilidad. En un veh\u00edculo comercial, cada segundo ahorrado durante una entrega puede convertirse en productividad.<\/p>\n\n\n\n<figure class=\"wp-block-image size-large\"><img loading=\"lazy\" decoding=\"async\" width=\"1024\" height=\"448\" src=\"http:\/\/transportelatino.com\/wp-content\/uploads\/2026\/08\/ford11-1024x448.jpg\" alt=\"\" class=\"wp-image-5168\" srcset=\"https:\/\/transportelatino.com\/wp-content\/uploads\/2026\/08\/ford11-1024x448.jpg 1024w, https:\/\/transportelatino.com\/wp-content\/uploads\/2026\/08\/ford11-300x131.jpg 300w, https:\/\/transportelatino.com\/wp-content\/uploads\/2026\/08\/ford11-768x336.jpg 768w, https:\/\/transportelatino.com\/wp-content\/uploads\/2026\/08\/ford11-150x66.jpg 150w, https:\/\/transportelatino.com\/wp-content\/uploads\/2026\/08\/ford11-450x197.jpg 450w, https:\/\/transportelatino.com\/wp-content\/uploads\/2026\/08\/ford11-1200x525.jpg 1200w, https:\/\/transportelatino.com\/wp-content\/uploads\/2026\/08\/ford11.jpg 1400w\" sizes=\"(max-width: 1024px) 100vw, 1024px\" \/><\/figure>\n\n\n\n<p class=\"wp-block-paragraph\"><strong>TECNOLOG\u00cdA QUE TRABAJA<\/strong><\/p>\n\n\n\n<p class=\"wp-block-paragraph\">Aunque su misi\u00f3n principal sea transportar mercanc\u00edas, la Transit 2026 incorpora tecnolog\u00edas pensadas para hacer m\u00e1s sencilla la jornada. Entre los elementos de seguridad est\u00e1ndar se encuentran sistemas de monitoreo de presi\u00f3n de neum\u00e1ticos, sensores de estacionamiento y tecnolog\u00edas destinadas a proporcionar informaci\u00f3n al conductor sobre el entorno del veh\u00edculo.<\/p>\n\n\n\n<p class=\"wp-block-paragraph\">La electr\u00f3nica tambi\u00e9n ayuda a mantener bajo control el estado de la unidad. El sistema Vehicle Maintenance Monitor permite al operador recibir informaci\u00f3n relacionada con el mantenimiento, algo especialmente importante para peque\u00f1as empresas que no pueden permitirse que una aver\u00eda inesperada detenga el trabajo.<\/p>\n\n\n\n<figure class=\"wp-block-image size-large\"><img loading=\"lazy\" decoding=\"async\" width=\"1024\" height=\"448\" src=\"http:\/\/transportelatino.com\/wp-content\/uploads\/2026\/08\/ford7-1024x448.jpg\" alt=\"\" class=\"wp-image-5165\" srcset=\"https:\/\/transportelatino.com\/wp-content\/uploads\/2026\/08\/ford7-1024x448.jpg 1024w, https:\/\/transportelatino.com\/wp-content\/uploads\/2026\/08\/ford7-300x131.jpg 300w, https:\/\/transportelatino.com\/wp-content\/uploads\/2026\/08\/ford7-768x336.jpg 768w, https:\/\/transportelatino.com\/wp-content\/uploads\/2026\/08\/ford7-150x66.jpg 150w, https:\/\/transportelatino.com\/wp-content\/uploads\/2026\/08\/ford7-450x197.jpg 450w, https:\/\/transportelatino.com\/wp-content\/uploads\/2026\/08\/ford7-1200x525.jpg 1200w, https:\/\/transportelatino.com\/wp-content\/uploads\/2026\/08\/ford7.jpg 1400w\" sizes=\"(max-width: 1024px) 100vw, 1024px\" \/><\/figure>\n\n\n\n<p class=\"wp-block-paragraph\"><strong>UNA HERRAMIENTA, NO SOLO UNA VAN<\/strong><\/p>\n\n\n\n<p class=\"wp-block-paragraph\">La gran fortaleza de la Ford Transit Cargo Van est\u00e1 en su capacidad de adaptarse. Un electricista puede necesitar un interior organizado para herramientas; una empresa de reparto puede priorizar volumen; un contratista puede buscar capacidad de carga y tracci\u00f3n integral. La misma familia puede responder a necesidades completamente diferentes.<\/p>\n\n\n\n<p class=\"wp-block-paragraph\">Con sus m\u00faltiples longitudes, alturas, motores y configuraciones de tracci\u00f3n, la Transit 2026 contin\u00faa apostando por una idea sencilla: el veh\u00edculo debe adaptarse al negocio y no al contrario. Esa flexibilidad, combinada con un espacio de carga generoso y tecnolog\u00edas orientadas al trabajo diario, explica por qu\u00e9 la Transit sigue siendo una de las referencias del transporte comercial ligero.<\/p>\n\n\n\n<p class=\"wp-block-paragraph\">La Transit puede vestir colores distintos a los tradicionales blancos de flota, pero su verdadero atractivo est\u00e1 en la herramienta que ofrece: capacidad, versatilidad y soluciones pensadas para trabajar todos los d\u00edas y entornos profesionales distintos.<\/p>\n","protected":false},"excerpt":{"rendered":"<p>La Ford Transit Cargo Van llega a 2026 manteniendo una f\u00f3rmula que ha convertido a esta van en una de las herramientas comerciales m\u00e1s reconocibles de Norteam\u00e9rica: diferentes tama\u00f1os, motores, alturas de techo y posibilidades de configuraci\u00f3n para que cada negocio pueda adaptar el veh\u00edculo a su trabajo. M\u00e1s que una simple van de carga,<\/p>\n","protected":false},"author":1,"featured_media":5167,"comment_status":"open","ping_status":"open","sticky":false,"template":"","format":"standard","meta":{"footnotes":""},"categories":[25,12],"tags":[6,18,4,9,15,36,11,8,7,10],"class_list":["post-5162","post","type-post","status-publish","format-standard","has-post-thumbnail","category-maquinas","category-utilitarios","tag-camioneros","tag-camiones","tag-featured","tag-latin-magazine","tag-mantenimiento","tag-noticias","tag-salud","tag-spanish-magazine","tag-transportistas","tag-trucks"],"_links":{"self":[{"href":"https:\/\/transportelatino.com\/index.php?rest_route=\/wp\/v2\/posts\/5162","targetHints":{"allow":["GET"]}}],"collection":[{"href":"https:\/\/transportelatino.com\/index.php?rest_route=\/wp\/v2\/posts"}],"about":[{"href":"https:\/\/transportelatino.com\/index.php?rest_route=\/wp\/v2\/types\/post"}],"author":[{"embeddable":true,"href":"https:\/\/transportelatino.com\/index.php?rest_route=\/wp\/v2\/users\/1"}],"replies":[{"embeddable":true,"href":"https:\/\/transportelatino.com\/index.php?rest_route=%2Fwp%2Fv2%2Fcomments&post=5162"}],"version-history":[{"count":1,"href":"https:\/\/transportelatino.com\/index.php?rest_route=\/wp\/v2\/posts\/5162\/revisions"}],"predecessor-version":[{"id":5172,"href":"https:\/\/transportelatino.com\/index.php?rest_route=\/wp\/v2\/posts\/5162\/revisions\/5172"}],"wp:featuredmedia":[{"embeddable":true,"href":"https:\/\/transportelatino.com\/index.php?rest_route=\/wp\/v2\/media\/5167"}],"wp:attachment":[{"href":"https:\/\/transportelatino.com\/index.php?rest_route=%2Fwp%2Fv2%2Fmedia&parent=5162"}],"wp:term":[{"taxonomy":"category","embeddable":true,"href":"https:\/\/transportelatino.com\/index.php?rest_route=%2Fwp%2Fv2%2Fcategories&post=5162"},{"taxonomy":"post_tag","embeddable":true,"href":"https:\/\/transportelatino.com\/index.php?rest_route=%2Fwp%2Fv2%2Ftags&post=5162"}],"curies":[{"name":"wp","href":"https:\/\/api.w.org\/{rel}","templated":true}]}}