{"id":5192,"date":"2026-08-31T17:58:46","date_gmt":"2026-08-31T16:58:46","guid":{"rendered":"https:\/\/transportelatino.com\/?p=5192"},"modified":"2026-08-31T17:58:47","modified_gmt":"2026-08-31T16:58:47","slug":"daf-xg","status":"publish","type":"post","link":"https:\/\/transportelatino.com\/?p=5192","title":{"rendered":"DAF XG+"},"content":{"rendered":"\n<figure class=\"wp-block-gallery has-nested-images columns-default is-cropped wp-block-gallery-1 is-layout-flex wp-block-gallery-is-layout-flex\">\n<figure class=\"wp-block-image size-large\"><img fetchpriority=\"high\" decoding=\"async\" width=\"683\" height=\"1024\" data-id=\"5198\" src=\"https:\/\/transportelatino.com\/wp-content\/uploads\/2026\/08\/daf8-683x1024.jpg\" alt=\"\" class=\"wp-image-5198\" srcset=\"https:\/\/transportelatino.com\/wp-content\/uploads\/2026\/08\/daf8-683x1024.jpg 683w, https:\/\/transportelatino.com\/wp-content\/uploads\/2026\/08\/daf8-200x300.jpg 200w, https:\/\/transportelatino.com\/wp-content\/uploads\/2026\/08\/daf8-768x1151.jpg 768w, https:\/\/transportelatino.com\/wp-content\/uploads\/2026\/08\/daf8-1025x1536.jpg 1025w, https:\/\/transportelatino.com\/wp-content\/uploads\/2026\/08\/daf8-1367x2048.jpg 1367w, https:\/\/transportelatino.com\/wp-content\/uploads\/2026\/08\/daf8-150x225.jpg 150w, https:\/\/transportelatino.com\/wp-content\/uploads\/2026\/08\/daf8-450x674.jpg 450w, https:\/\/transportelatino.com\/wp-content\/uploads\/2026\/08\/daf8-1200x1798.jpg 1200w, https:\/\/transportelatino.com\/wp-content\/uploads\/2026\/08\/daf8.jpg 1400w\" sizes=\"(max-width: 683px) 100vw, 683px\" \/><\/figure>\n\n\n\n<figure class=\"wp-block-image size-large\"><img decoding=\"async\" width=\"1024\" height=\"659\" data-id=\"5194\" src=\"https:\/\/transportelatino.com\/wp-content\/uploads\/2026\/08\/daf3-1024x659.jpg\" alt=\"\" class=\"wp-image-5194\" srcset=\"https:\/\/transportelatino.com\/wp-content\/uploads\/2026\/08\/daf3-1024x659.jpg 1024w, https:\/\/transportelatino.com\/wp-content\/uploads\/2026\/08\/daf3-300x193.jpg 300w, https:\/\/transportelatino.com\/wp-content\/uploads\/2026\/08\/daf3-768x494.jpg 768w, https:\/\/transportelatino.com\/wp-content\/uploads\/2026\/08\/daf3-150x97.jpg 150w, https:\/\/transportelatino.com\/wp-content\/uploads\/2026\/08\/daf3-450x290.jpg 450w, https:\/\/transportelatino.com\/wp-content\/uploads\/2026\/08\/daf3-1200x772.jpg 1200w, https:\/\/transportelatino.com\/wp-content\/uploads\/2026\/08\/daf3.jpg 1400w\" sizes=\"(max-width: 1024px) 100vw, 1024px\" \/><\/figure>\n\n\n\n<figure class=\"wp-block-image size-large\"><img decoding=\"async\" width=\"1024\" height=\"522\" data-id=\"5200\" src=\"https:\/\/transportelatino.com\/wp-content\/uploads\/2026\/08\/daf10-1024x522.jpg\" alt=\"\" class=\"wp-image-5200\" srcset=\"https:\/\/transportelatino.com\/wp-content\/uploads\/2026\/08\/daf10-1024x522.jpg 1024w, https:\/\/transportelatino.com\/wp-content\/uploads\/2026\/08\/daf10-300x153.jpg 300w, https:\/\/transportelatino.com\/wp-content\/uploads\/2026\/08\/daf10-768x392.jpg 768w, https:\/\/transportelatino.com\/wp-content\/uploads\/2026\/08\/daf10-150x77.jpg 150w, https:\/\/transportelatino.com\/wp-content\/uploads\/2026\/08\/daf10-450x230.jpg 450w, https:\/\/transportelatino.com\/wp-content\/uploads\/2026\/08\/daf10-1200x612.jpg 1200w, https:\/\/transportelatino.com\/wp-content\/uploads\/2026\/08\/daf10.jpg 1400w\" sizes=\"(max-width: 1024px) 100vw, 1024px\" \/><\/figure>\n\n\n\n<figure class=\"wp-block-image size-large\"><img loading=\"lazy\" decoding=\"async\" width=\"1024\" height=\"1024\" data-id=\"5199\" src=\"https:\/\/transportelatino.com\/wp-content\/uploads\/2026\/08\/daf9-1024x1024.jpg\" alt=\"\" class=\"wp-image-5199\" srcset=\"https:\/\/transportelatino.com\/wp-content\/uploads\/2026\/08\/daf9-1024x1024.jpg 1024w, https:\/\/transportelatino.com\/wp-content\/uploads\/2026\/08\/daf9-300x300.jpg 300w, https:\/\/transportelatino.com\/wp-content\/uploads\/2026\/08\/daf9-150x150.jpg 150w, https:\/\/transportelatino.com\/wp-content\/uploads\/2026\/08\/daf9-768x768.jpg 768w, https:\/\/transportelatino.com\/wp-content\/uploads\/2026\/08\/daf9-450x450.jpg 450w, https:\/\/transportelatino.com\/wp-content\/uploads\/2026\/08\/daf9-1200x1200.jpg 1200w, https:\/\/transportelatino.com\/wp-content\/uploads\/2026\/08\/daf9.jpg 1400w\" sizes=\"(max-width: 1024px) 100vw, 1024px\" \/><\/figure>\n\n\n\n<figure class=\"wp-block-image size-large\"><img loading=\"lazy\" decoding=\"async\" width=\"1024\" height=\"684\" data-id=\"5202\" src=\"https:\/\/transportelatino.com\/wp-content\/uploads\/2026\/08\/daf12-1024x684.jpg\" alt=\"\" class=\"wp-image-5202\" srcset=\"https:\/\/transportelatino.com\/wp-content\/uploads\/2026\/08\/daf12-1024x684.jpg 1024w, https:\/\/transportelatino.com\/wp-content\/uploads\/2026\/08\/daf12-300x200.jpg 300w, https:\/\/transportelatino.com\/wp-content\/uploads\/2026\/08\/daf12-768x513.jpg 768w, https:\/\/transportelatino.com\/wp-content\/uploads\/2026\/08\/daf12-150x100.jpg 150w, https:\/\/transportelatino.com\/wp-content\/uploads\/2026\/08\/daf12-450x301.jpg 450w, https:\/\/transportelatino.com\/wp-content\/uploads\/2026\/08\/daf12-1200x801.jpg 1200w, https:\/\/transportelatino.com\/wp-content\/uploads\/2026\/08\/daf12.jpg 1400w\" sizes=\"(max-width: 1024px) 100vw, 1024px\" \/><\/figure>\n\n\n\n<figure class=\"wp-block-image size-large\"><img loading=\"lazy\" decoding=\"async\" width=\"1024\" height=\"683\" data-id=\"5195\" src=\"https:\/\/transportelatino.com\/wp-content\/uploads\/2026\/08\/daf4-1024x683.jpg\" alt=\"\" class=\"wp-image-5195\" srcset=\"https:\/\/transportelatino.com\/wp-content\/uploads\/2026\/08\/daf4-1024x683.jpg 1024w, https:\/\/transportelatino.com\/wp-content\/uploads\/2026\/08\/daf4-300x200.jpg 300w, https:\/\/transportelatino.com\/wp-content\/uploads\/2026\/08\/daf4-768x512.jpg 768w, https:\/\/transportelatino.com\/wp-content\/uploads\/2026\/08\/daf4-150x100.jpg 150w, https:\/\/transportelatino.com\/wp-content\/uploads\/2026\/08\/daf4-450x300.jpg 450w, https:\/\/transportelatino.com\/wp-content\/uploads\/2026\/08\/daf4-1200x801.jpg 1200w, https:\/\/transportelatino.com\/wp-content\/uploads\/2026\/08\/daf4.jpg 1400w\" sizes=\"(max-width: 1024px) 100vw, 1024px\" \/><\/figure>\n\n\n\n<figure class=\"wp-block-image size-large\"><img loading=\"lazy\" decoding=\"async\" width=\"1024\" height=\"684\" data-id=\"5201\" src=\"https:\/\/transportelatino.com\/wp-content\/uploads\/2026\/08\/daf11-1024x684.jpg\" alt=\"\" class=\"wp-image-5201\" srcset=\"https:\/\/transportelatino.com\/wp-content\/uploads\/2026\/08\/daf11-1024x684.jpg 1024w, https:\/\/transportelatino.com\/wp-content\/uploads\/2026\/08\/daf11-300x200.jpg 300w, https:\/\/transportelatino.com\/wp-content\/uploads\/2026\/08\/daf11-768x513.jpg 768w, https:\/\/transportelatino.com\/wp-content\/uploads\/2026\/08\/daf11-150x100.jpg 150w, https:\/\/transportelatino.com\/wp-content\/uploads\/2026\/08\/daf11-450x301.jpg 450w, https:\/\/transportelatino.com\/wp-content\/uploads\/2026\/08\/daf11-1200x801.jpg 1200w, https:\/\/transportelatino.com\/wp-content\/uploads\/2026\/08\/daf11.jpg 1400w\" sizes=\"(max-width: 1024px) 100vw, 1024px\" \/><\/figure>\n\n\n\n<figure class=\"wp-block-image size-large\"><img loading=\"lazy\" decoding=\"async\" width=\"1024\" height=\"683\" data-id=\"5203\" src=\"https:\/\/transportelatino.com\/wp-content\/uploads\/2026\/08\/daf17-1024x683.jpg\" alt=\"\" class=\"wp-image-5203\" srcset=\"https:\/\/transportelatino.com\/wp-content\/uploads\/2026\/08\/daf17-1024x683.jpg 1024w, https:\/\/transportelatino.com\/wp-content\/uploads\/2026\/08\/daf17-300x200.jpg 300w, https:\/\/transportelatino.com\/wp-content\/uploads\/2026\/08\/daf17-768x512.jpg 768w, https:\/\/transportelatino.com\/wp-content\/uploads\/2026\/08\/daf17-150x100.jpg 150w, https:\/\/transportelatino.com\/wp-content\/uploads\/2026\/08\/daf17-450x300.jpg 450w, https:\/\/transportelatino.com\/wp-content\/uploads\/2026\/08\/daf17-1200x801.jpg 1200w, https:\/\/transportelatino.com\/wp-content\/uploads\/2026\/08\/daf17.jpg 1400w\" sizes=\"(max-width: 1024px) 100vw, 1024px\" \/><\/figure>\n\n\n\n<figure class=\"wp-block-image size-large\"><img loading=\"lazy\" decoding=\"async\" width=\"1024\" height=\"544\" data-id=\"5197\" src=\"https:\/\/transportelatino.com\/wp-content\/uploads\/2026\/08\/daf7-1024x544.jpg\" alt=\"\" class=\"wp-image-5197\" srcset=\"https:\/\/transportelatino.com\/wp-content\/uploads\/2026\/08\/daf7-1024x544.jpg 1024w, https:\/\/transportelatino.com\/wp-content\/uploads\/2026\/08\/daf7-300x159.jpg 300w, https:\/\/transportelatino.com\/wp-content\/uploads\/2026\/08\/daf7-768x408.jpg 768w, https:\/\/transportelatino.com\/wp-content\/uploads\/2026\/08\/daf7-150x80.jpg 150w, https:\/\/transportelatino.com\/wp-content\/uploads\/2026\/08\/daf7-450x239.jpg 450w, https:\/\/transportelatino.com\/wp-content\/uploads\/2026\/08\/daf7-1200x638.jpg 1200w, https:\/\/transportelatino.com\/wp-content\/uploads\/2026\/08\/daf7.jpg 1400w\" sizes=\"(max-width: 1024px) 100vw, 1024px\" \/><\/figure>\n\n\n\n<figure class=\"wp-block-image size-large\"><img loading=\"lazy\" decoding=\"async\" width=\"1024\" height=\"683\" data-id=\"5196\" src=\"https:\/\/transportelatino.com\/wp-content\/uploads\/2026\/08\/daf6-1024x683.jpg\" alt=\"\" class=\"wp-image-5196\" srcset=\"https:\/\/transportelatino.com\/wp-content\/uploads\/2026\/08\/daf6-1024x683.jpg 1024w, https:\/\/transportelatino.com\/wp-content\/uploads\/2026\/08\/daf6-300x200.jpg 300w, https:\/\/transportelatino.com\/wp-content\/uploads\/2026\/08\/daf6-768x512.jpg 768w, https:\/\/transportelatino.com\/wp-content\/uploads\/2026\/08\/daf6-150x100.jpg 150w, https:\/\/transportelatino.com\/wp-content\/uploads\/2026\/08\/daf6-450x300.jpg 450w, https:\/\/transportelatino.com\/wp-content\/uploads\/2026\/08\/daf6-1200x801.jpg 1200w, https:\/\/transportelatino.com\/wp-content\/uploads\/2026\/08\/daf6.jpg 1400w\" sizes=\"(max-width: 1024px) 100vw, 1024px\" \/><\/figure>\n\n\n\n<figure class=\"wp-block-image size-large\"><img loading=\"lazy\" decoding=\"async\" width=\"1024\" height=\"683\" data-id=\"5193\" src=\"https:\/\/transportelatino.com\/wp-content\/uploads\/2026\/08\/daf2-1024x683.jpg\" alt=\"\" class=\"wp-image-5193\" srcset=\"https:\/\/transportelatino.com\/wp-content\/uploads\/2026\/08\/daf2-1024x683.jpg 1024w, https:\/\/transportelatino.com\/wp-content\/uploads\/2026\/08\/daf2-300x200.jpg 300w, https:\/\/transportelatino.com\/wp-content\/uploads\/2026\/08\/daf2-768x512.jpg 768w, https:\/\/transportelatino.com\/wp-content\/uploads\/2026\/08\/daf2-150x100.jpg 150w, https:\/\/transportelatino.com\/wp-content\/uploads\/2026\/08\/daf2-450x300.jpg 450w, https:\/\/transportelatino.com\/wp-content\/uploads\/2026\/08\/daf2-1200x801.jpg 1200w, https:\/\/transportelatino.com\/wp-content\/uploads\/2026\/08\/daf2.jpg 1400w\" sizes=\"(max-width: 1024px) 100vw, 1024px\" \/><\/figure>\n<\/figure>\n\n\n\n<h3 class=\"wp-block-heading\">El transporte de larga distancia exige mucho m\u00e1s que potencia. El conductor necesita espacio, comodidad y tecnolog\u00eda, mientras que la empresa busca eficiencia y productividad. El DAF XG+ re\u00fane estas prioridades en una de las cabinas m\u00e1s grandes y avanzadas de la nueva generaci\u00f3n de camiones europeos.<\/h3>\n\n\n\n<p class=\"wp-block-paragraph\"><strong>UN REFERENTE DE LARGA DISTANCIA<\/strong><\/p>\n\n\n\n<p class=\"wp-block-paragraph\">Dentro de la Nueva Generaci\u00f3n DAF, el XG+ ocupa el lugar m\u00e1s alto de la gama. Dise\u00f1ado para el transporte pesado y de larga distancia, combina una cabina excepcionalmente espaciosa con soluciones destinadas a reducir el consumo, mejorar la seguridad y hacer m\u00e1s llevaderas las jornadas al volante. Es la expresi\u00f3n m\u00e1s completa de su filosof\u00eda para el transporte europeo.<\/p>\n\n\n\n<figure class=\"wp-block-image size-large\"><img loading=\"lazy\" decoding=\"async\" width=\"1024\" height=\"522\" src=\"http:\/\/transportelatino.com\/wp-content\/uploads\/2026\/08\/daf10-1024x522.jpg\" alt=\"\" class=\"wp-image-5200\" srcset=\"https:\/\/transportelatino.com\/wp-content\/uploads\/2026\/08\/daf10-1024x522.jpg 1024w, https:\/\/transportelatino.com\/wp-content\/uploads\/2026\/08\/daf10-300x153.jpg 300w, https:\/\/transportelatino.com\/wp-content\/uploads\/2026\/08\/daf10-768x392.jpg 768w, https:\/\/transportelatino.com\/wp-content\/uploads\/2026\/08\/daf10-150x77.jpg 150w, https:\/\/transportelatino.com\/wp-content\/uploads\/2026\/08\/daf10-450x230.jpg 450w, https:\/\/transportelatino.com\/wp-content\/uploads\/2026\/08\/daf10-1200x612.jpg 1200w, https:\/\/transportelatino.com\/wp-content\/uploads\/2026\/08\/daf10.jpg 1400w\" sizes=\"(max-width: 1024px) 100vw, 1024px\" \/><\/figure>\n\n\n\n<p class=\"wp-block-paragraph\"><strong>UNA CABINA PENSADA PARA VIVIR Y TRABAJAR<\/strong><\/p>\n\n\n\n<p class=\"wp-block-paragraph\">El elemento que m\u00e1s distingue al XG+ es su enorme cabina. Con un volumen de hasta 12.5 metros c\u00fabicos, ofrece uno de los espacios interiores m\u00e1s generosos del mercado europeo. La altura disponible permite al conductor moverse con mayor libertad dentro de la cabina, mientras la zona de descanso est\u00e1 pensada para quienes pasan varios d\u00edas lejos de casa.<\/p>\n\n\n\n<p class=\"wp-block-paragraph\">El espacio no se limita a una cama. Hay soluciones de almacenamiento, una posici\u00f3n de conducci\u00f3n cuidadosamente estudiada y un ambiente dise\u00f1ado para que el conductor pueda trabajar, relajarse y dormir sin sentir que todo tiene que competir por unos pocos cent\u00edmetros.<\/p>\n\n\n\n<figure class=\"wp-block-image size-large\"><img loading=\"lazy\" decoding=\"async\" width=\"1024\" height=\"683\" src=\"http:\/\/transportelatino.com\/wp-content\/uploads\/2026\/08\/daf6-1024x683.jpg\" alt=\"\" class=\"wp-image-5196\" srcset=\"https:\/\/transportelatino.com\/wp-content\/uploads\/2026\/08\/daf6-1024x683.jpg 1024w, https:\/\/transportelatino.com\/wp-content\/uploads\/2026\/08\/daf6-300x200.jpg 300w, https:\/\/transportelatino.com\/wp-content\/uploads\/2026\/08\/daf6-768x512.jpg 768w, https:\/\/transportelatino.com\/wp-content\/uploads\/2026\/08\/daf6-150x100.jpg 150w, https:\/\/transportelatino.com\/wp-content\/uploads\/2026\/08\/daf6-450x300.jpg 450w, https:\/\/transportelatino.com\/wp-content\/uploads\/2026\/08\/daf6-1200x801.jpg 1200w, https:\/\/transportelatino.com\/wp-content\/uploads\/2026\/08\/daf6.jpg 1400w\" sizes=\"(max-width: 1024px) 100vw, 1024px\" \/><\/figure>\n\n\n\n<p class=\"wp-block-paragraph\"><strong>EFICIENCIA DESDE LA CARROCER\u00cdA<\/strong><\/p>\n\n\n\n<p class=\"wp-block-paragraph\">El XG+ tambi\u00e9n demuestra que el tama\u00f1o no tiene por qu\u00e9 estar re\u00f1ido con la eficiencia. Su dise\u00f1o exterior utiliza una cabina aerodin\u00e1mica, deflectores, faldones y otros elementos destinados a reducir la resistencia al aire. En las versiones actuales, DAF combina este planteamiento con neum\u00e1ticos de baja resistencia a la rodadura y un paquete aerodin\u00e1mico completo.<\/p>\n\n\n\n<p class=\"wp-block-paragraph\">Cada peque\u00f1a mejora cuenta cuando un cami\u00f3n recorre cientos de miles de kil\u00f3metros. Reducir la resistencia significa que el motor necesita menos energ\u00eda para mantener la velocidad, algo que puede traducirse en un menor consumo de combustible y menos emisiones durante la vida \u00fatil del veh\u00edculo.<\/p>\n\n\n\n<figure class=\"wp-block-image size-large\"><img loading=\"lazy\" decoding=\"async\" width=\"1024\" height=\"684\" src=\"http:\/\/transportelatino.com\/wp-content\/uploads\/2026\/08\/daf11-1024x684.jpg\" alt=\"\" class=\"wp-image-5201\" srcset=\"https:\/\/transportelatino.com\/wp-content\/uploads\/2026\/08\/daf11-1024x684.jpg 1024w, https:\/\/transportelatino.com\/wp-content\/uploads\/2026\/08\/daf11-300x200.jpg 300w, https:\/\/transportelatino.com\/wp-content\/uploads\/2026\/08\/daf11-768x513.jpg 768w, https:\/\/transportelatino.com\/wp-content\/uploads\/2026\/08\/daf11-150x100.jpg 150w, https:\/\/transportelatino.com\/wp-content\/uploads\/2026\/08\/daf11-450x301.jpg 450w, https:\/\/transportelatino.com\/wp-content\/uploads\/2026\/08\/daf11-1200x801.jpg 1200w, https:\/\/transportelatino.com\/wp-content\/uploads\/2026\/08\/daf11.jpg 1400w\" sizes=\"(max-width: 1024px) 100vw, 1024px\" \/><\/figure>\n\n\n\n<p class=\"wp-block-paragraph\"><strong>POTENCIA PACCAR PARA LA CARRETERA<\/strong><\/p>\n\n\n\n<p class=\"wp-block-paragraph\">En el coraz\u00f3n del XG+ se encuentran los motores PACCAR MX-11 y MX-13, desarrollados para ofrecer una combinaci\u00f3n de potencia, eficiencia y durabilidad. Dependiendo de la configuraci\u00f3n, el MX-13 puede alcanzar los 530 hp, mientras que las mejoras introducidas en la cadena cinem\u00e1tica buscan aprovechar mejor cada gota de combustible.<\/p>\n\n\n\n<p class=\"wp-block-paragraph\">El objetivo no es \u00fanicamente disponer de potencia. En larga distancia, la capacidad de mantener un ritmo constante, gestionar pendientes y mover grandes masas con eficiencia puede ser tan importante como la cifra m\u00e1xima de potencia.<\/p>\n\n\n\n<p class=\"wp-block-paragraph\"><strong>UNA CABINA QUE PROTEGE<\/strong><\/p>\n\n\n\n<p class=\"wp-block-paragraph\">La seguridad ocupa un lugar central en la Nueva Generaci\u00f3n DAF. El XG+ incorpora diferentes sistemas avanzados de asistencia a la conducci\u00f3n y soluciones destinadas a mejorar la visi\u00f3n directa e indirecta del entorno.<\/p>\n\n\n\n<p class=\"wp-block-paragraph\">El sistema DAF Digital Vision reemplaza los espejos convencionales por c\u00e1maras y pantallas interiores, mientras que DAF Corner View ayuda a ampliar la visibilidad de determinadas zonas pr\u00f3ximas a la cabina. Estas tecnolog\u00edas buscan reducir los puntos ciegos y facilitar la identificaci\u00f3n de otros usuarios de la v\u00eda, especialmente en entornos urbanos.<\/p>\n\n\n\n<figure class=\"wp-block-image size-large\"><img loading=\"lazy\" decoding=\"async\" width=\"1024\" height=\"544\" src=\"http:\/\/transportelatino.com\/wp-content\/uploads\/2026\/08\/daf7-1024x544.jpg\" alt=\"\" class=\"wp-image-5197\" srcset=\"https:\/\/transportelatino.com\/wp-content\/uploads\/2026\/08\/daf7-1024x544.jpg 1024w, https:\/\/transportelatino.com\/wp-content\/uploads\/2026\/08\/daf7-300x159.jpg 300w, https:\/\/transportelatino.com\/wp-content\/uploads\/2026\/08\/daf7-768x408.jpg 768w, https:\/\/transportelatino.com\/wp-content\/uploads\/2026\/08\/daf7-150x80.jpg 150w, https:\/\/transportelatino.com\/wp-content\/uploads\/2026\/08\/daf7-450x239.jpg 450w, https:\/\/transportelatino.com\/wp-content\/uploads\/2026\/08\/daf7-1200x638.jpg 1200w, https:\/\/transportelatino.com\/wp-content\/uploads\/2026\/08\/daf7.jpg 1400w\" sizes=\"(max-width: 1024px) 100vw, 1024px\" \/><\/figure>\n\n\n\n<p class=\"wp-block-paragraph\"><strong>TECNOLOG\u00cdA PARA EL CONDUCTOR<\/strong><\/p>\n\n\n\n<p class=\"wp-block-paragraph\">La tecnolog\u00eda tambi\u00e9n est\u00e1 presente dentro de la cabina. El puesto de conducci\u00f3n re\u00fane informaci\u00f3n del veh\u00edculo y funciones multimedia en una interfaz pensada para mantener los controles importantes al alcance del conductor. Sistemas como Predictive Cruise Control ayudan a adaptar la conducci\u00f3n a las condiciones de la ruta, contribuyendo tanto a la comodidad como a la eficiencia.<\/p>\n\n\n\n<p class=\"wp-block-paragraph\">El resultado es un cami\u00f3n que intenta convertir la tecnolog\u00eda en una herramienta, en lugar de a\u00f1adir funciones innecesarias.<\/p>\n\n\n\n<p class=\"wp-block-paragraph\"><strong>PREPARADO PARA UNA INDUSTRIA QUE CAMBIA<\/strong><\/p>\n\n\n\n<p class=\"wp-block-paragraph\">El XG+ tambi\u00e9n forma parte de la transici\u00f3n energ\u00e9tica de DAF. En 2026 comenz\u00f3 la producci\u00f3n en serie del XG+ Electric, una versi\u00f3n que conserva el concepto de cabina del modelo de larga distancia y lo combina con el sistema el\u00e9ctrico PACCAR EX-D2. Dependiendo de la configuraci\u00f3n, puede utilizar hasta cinco paquetes de bater\u00edas LFP y ofrecer autonom\u00edas superiores a 500 kil\u00f3metros en determinadas aplicaciones.<\/p>\n\n\n\n<p class=\"wp-block-paragraph\">Esto ampl\u00eda la historia del XG+: el modelo que conocemos por sus grandes rutas di\u00e9sel tambi\u00e9n est\u00e1 ayudando a llevar la filosof\u00eda de DAF hacia el transporte de cero emisiones.<\/p>\n\n\n\n<figure class=\"wp-block-image size-large\"><img loading=\"lazy\" decoding=\"async\" width=\"1024\" height=\"683\" src=\"http:\/\/transportelatino.com\/wp-content\/uploads\/2026\/08\/daf4-1024x683.jpg\" alt=\"\" class=\"wp-image-5195\" srcset=\"https:\/\/transportelatino.com\/wp-content\/uploads\/2026\/08\/daf4-1024x683.jpg 1024w, https:\/\/transportelatino.com\/wp-content\/uploads\/2026\/08\/daf4-300x200.jpg 300w, https:\/\/transportelatino.com\/wp-content\/uploads\/2026\/08\/daf4-768x512.jpg 768w, https:\/\/transportelatino.com\/wp-content\/uploads\/2026\/08\/daf4-150x100.jpg 150w, https:\/\/transportelatino.com\/wp-content\/uploads\/2026\/08\/daf4-450x300.jpg 450w, https:\/\/transportelatino.com\/wp-content\/uploads\/2026\/08\/daf4-1200x801.jpg 1200w, https:\/\/transportelatino.com\/wp-content\/uploads\/2026\/08\/daf4.jpg 1400w\" sizes=\"(max-width: 1024px) 100vw, 1024px\" \/><\/figure>\n\n\n\n<p class=\"wp-block-paragraph\"><strong>EL PESO PESADO DEL CONFORT<\/strong><\/p>\n\n\n\n<p class=\"wp-block-paragraph\">El DAF XG+ representa una visi\u00f3n europea del cami\u00f3n de larga distancia: eficiencia sin sacrificar comodidad, tecnolog\u00eda sin olvidar al conductor y capacidad de trabajo acompa\u00f1ada de una cabina que puede convertirse en aut\u00e9ntico espacio personal.<\/p>\n\n\n\n<p class=\"wp-block-paragraph\">Su enorme interior, su aerodin\u00e1mica, sus motores PACCAR y sus sistemas de asistencia lo convierten en uno de los modelos m\u00e1s completos de la gama DAF. Y mientras el transporte profesional contin\u00faa cambiando, el XG+ demuestra que el futuro del cami\u00f3n no tiene por qu\u00e9 ser solamente m\u00e1s eficiente: tambi\u00e9n puede ser un lugar mejor para trabajar.<\/p>\n\n\n\n<p class=\"wp-block-paragraph\"><strong>M\u00c1S QUE UN CAMI\u00d3N, UNA HERRAMIENTA DE TRABAJO<\/strong><\/p>\n\n\n\n<p class=\"wp-block-paragraph\">En el transporte de larga distancia, las cifras de potencia, capacidad de carga o consumo cuentan, pero existe otro factor que durante mucho tiempo ha sido m\u00e1s dif\u00edcil de medir: c\u00f3mo se siente trabajar dentro del cami\u00f3n durante miles de horas al a\u00f1o.<\/p>\n\n\n\n<p class=\"wp-block-paragraph\">Un conductor profesional puede pasar gran parte de su vida laboral en la carretera. Por eso, detalles que desde fuera podr\u00edan parecer secundarios adquieren una importancia enorme cuando se repiten jornada tras jornada. La posici\u00f3n de conducci\u00f3n, el espacio disponible, la facilidad para acceder a los diferentes controles, la iluminaci\u00f3n interior o la posibilidad de organizar las pertenencias personales terminan influyendo directamente en la experiencia diaria.<\/p>\n\n\n\n<figure class=\"wp-block-image size-large\"><img loading=\"lazy\" decoding=\"async\" width=\"1024\" height=\"683\" src=\"http:\/\/transportelatino.com\/wp-content\/uploads\/2026\/08\/daf2-1024x683.jpg\" alt=\"\" class=\"wp-image-5193\" srcset=\"https:\/\/transportelatino.com\/wp-content\/uploads\/2026\/08\/daf2-1024x683.jpg 1024w, https:\/\/transportelatino.com\/wp-content\/uploads\/2026\/08\/daf2-300x200.jpg 300w, https:\/\/transportelatino.com\/wp-content\/uploads\/2026\/08\/daf2-768x512.jpg 768w, https:\/\/transportelatino.com\/wp-content\/uploads\/2026\/08\/daf2-150x100.jpg 150w, https:\/\/transportelatino.com\/wp-content\/uploads\/2026\/08\/daf2-450x300.jpg 450w, https:\/\/transportelatino.com\/wp-content\/uploads\/2026\/08\/daf2-1200x801.jpg 1200w, https:\/\/transportelatino.com\/wp-content\/uploads\/2026\/08\/daf2.jpg 1400w\" sizes=\"(max-width: 1024px) 100vw, 1024px\" \/><\/figure>\n\n\n\n<p class=\"wp-block-paragraph\">Es precisamente ah\u00ed donde el concepto del XG+ adquiere sentido. DAF no ha planteado la cabina \u00fanicamente como el lugar desde el que se conduce el veh\u00edculo, sino como un espacio multifuncional que debe responder a diferentes momentos de la jornada. Durante el trayecto es oficina y puesto de control; cuando termina la ruta, se convierte en comedor, zona de descanso y dormitorio.<\/p>\n\n\n\n<p class=\"wp-block-paragraph\">Esa evoluci\u00f3n refleja tambi\u00e9n un cambio en la propia industria. El cami\u00f3n moderno tiene que ser eficiente para la empresa, pero tambi\u00e9n debe resultar atractivo para quienes trabajan en \u00e9l. En un sector que necesita incorporar y conservar conductores profesionales, ofrecer mejores condiciones a bordo puede convertirse en un elemento cada vez m\u00e1s importante.<\/p>\n\n\n\n<p class=\"wp-block-paragraph\"><strong>EL CAMI\u00d3N COMO ESPACIO PERSONAL<\/strong><\/p>\n\n\n\n<p class=\"wp-block-paragraph\">La diferencia entre pasar una noche en un veh\u00edculo y vivir temporalmente dentro de \u00e9l puede parecer peque\u00f1a sobre el papel, pero en la pr\u00e1ctica es enorme. Cuando las rutas duran varios d\u00edas, la cabina deja de ser simplemente una extensi\u00f3n del puesto de trabajo y comienza a funcionar como un peque\u00f1o espacio personal.<\/p>\n\n\n\n<p class=\"wp-block-paragraph\">Por eso, el tama\u00f1o del XG+ no debe entenderse \u00fanicamente como una cuesti\u00f3n de dimensiones. El verdadero valor est\u00e1 en c\u00f3mo se utiliza ese espacio. Una cabina amplia permite separar mejor las diferentes actividades y reducir la sensaci\u00f3n de estar permanentemente rodeado de elementos de trabajo.<\/p>\n\n\n\n<p class=\"wp-block-paragraph\">Tambi\u00e9n facilita algo tan sencillo como mantener cierto orden. En viajes largos, disponer de lugares espec\u00edficos para guardar ropa, alimentos, documentos y objetos personales evita que todo termine ocupando la zona de descanso o interfiriendo con la conducci\u00f3n.<\/p>\n\n\n\n<p class=\"wp-block-paragraph\">Esta filosof\u00eda resulta especialmente relevante en una profesi\u00f3n en la que la comodidad no significa lujo, sino bienestar y rendimiento a largo plazo.<\/p>\n\n\n\n<figure class=\"wp-block-image size-large\"><img loading=\"lazy\" decoding=\"async\" width=\"1024\" height=\"1024\" src=\"http:\/\/transportelatino.com\/wp-content\/uploads\/2026\/08\/daf9-1024x1024.jpg\" alt=\"\" class=\"wp-image-5199\" srcset=\"https:\/\/transportelatino.com\/wp-content\/uploads\/2026\/08\/daf9-1024x1024.jpg 1024w, https:\/\/transportelatino.com\/wp-content\/uploads\/2026\/08\/daf9-300x300.jpg 300w, https:\/\/transportelatino.com\/wp-content\/uploads\/2026\/08\/daf9-150x150.jpg 150w, https:\/\/transportelatino.com\/wp-content\/uploads\/2026\/08\/daf9-768x768.jpg 768w, https:\/\/transportelatino.com\/wp-content\/uploads\/2026\/08\/daf9-450x450.jpg 450w, https:\/\/transportelatino.com\/wp-content\/uploads\/2026\/08\/daf9-1200x1200.jpg 1200w, https:\/\/transportelatino.com\/wp-content\/uploads\/2026\/08\/daf9.jpg 1400w\" sizes=\"(max-width: 1024px) 100vw, 1024px\" \/><\/figure>\n\n\n\n<p class=\"wp-block-paragraph\"><strong>MIRANDO HACIA LA PR\u00d3XIMA GENERACI\u00d3N<\/strong><\/p>\n\n\n\n<p class=\"wp-block-paragraph\">El XG+ llega adem\u00e1s en un momento de transformaci\u00f3n profunda para el transporte por carretera. La presi\u00f3n para reducir emisiones est\u00e1 cambiando los sistemas de propulsi\u00f3n, mientras la digitalizaci\u00f3n modifica la manera en que se planifican las rutas, se controla el consumo y se gestiona cada veh\u00edculo.<\/p>\n\n\n\n<p class=\"wp-block-paragraph\">En ese contexto, el cami\u00f3n del futuro tendr\u00e1 que hacer mucho m\u00e1s que transportar mercanc\u00edas. Deber\u00e1 comunicarse con la infraestructura, anticiparse a las condiciones de la carretera, aprovechar de forma inteligente la energ\u00eda disponible y proporcionar al conductor cada vez m\u00e1s informaci\u00f3n sin aumentar su carga de trabajo.<\/p>\n\n\n\n<p class=\"wp-block-paragraph\">La electrificaci\u00f3n ser\u00e1 una parte importante de ese proceso, pero no ser\u00e1 el \u00fanico cambio. Tambi\u00e9n veremos una mayor automatizaci\u00f3n, nuevas soluciones de conectividad y sistemas de asistencia capaces de intervenir en situaciones cada vez m\u00e1s complejas.<\/p>\n\n\n\n<p class=\"wp-block-paragraph\">El XG+ representa, en cierto modo, un puente entre dos generaciones de transporte. Mantiene las caracter\u00edsticas que han convertido al cami\u00f3n de larga distancia en una herramienta indispensable \u2014autonom\u00eda, capacidad, potencia y resistencia\u2014 mientras incorpora una visi\u00f3n mucho m\u00e1s centrada en la eficiencia, la seguridad y la experiencia del conductor.<\/p>\n\n\n\n<p class=\"wp-block-paragraph\">Porque el futuro del transporte no depender\u00e1 solamente de cu\u00e1ntas toneladas pueda mover un cami\u00f3n o de cu\u00e1nto combustible consuma. Tambi\u00e9n depender\u00e1 de qui\u00e9n lo conduce, cu\u00e1nto tiempo pasa dentro de \u00e9l y qu\u00e9 condiciones encuentra durante ese recorrido.<\/p>\n\n\n\n<p class=\"wp-block-paragraph\">Y quiz\u00e1 esa sea una de las claves para entender el XG+: no se trata simplemente de hacer un cami\u00f3n m\u00e1s grande. Se trata de reconocer que, para quien vive de la carretera, la cabina tambi\u00e9n forma parte de su lugar de trabajo, de su descanso y de su vida cotidiana.<\/p>\n","protected":false},"excerpt":{"rendered":"<p>El transporte de larga distancia exige mucho m\u00e1s que potencia. El conductor necesita espacio, comodidad y tecnolog\u00eda, mientras que la empresa busca eficiencia y productividad. El DAF XG+ re\u00fane estas prioridades en una de las cabinas m\u00e1s grandes y avanzadas de la nueva generaci\u00f3n de camiones europeos. UN REFERENTE DE LARGA DISTANCIA Dentro de la<\/p>\n","protected":false},"author":1,"featured_media":5194,"comment_status":"open","ping_status":"open","sticky":false,"template":"","format":"standard","meta":{"footnotes":""},"categories":[17,16],"tags":[6,18,4,9,15,36,11,8,7,10],"class_list":["post-5192","post","type-post","status-publish","format-standard","has-post-thumbnail","category-camiones","category-del-mundo","tag-camioneros","tag-camiones","tag-featured","tag-latin-magazine","tag-mantenimiento","tag-noticias","tag-salud","tag-spanish-magazine","tag-transportistas","tag-trucks"],"_links":{"self":[{"href":"https:\/\/transportelatino.com\/index.php?rest_route=\/wp\/v2\/posts\/5192","targetHints":{"allow":["GET"]}}],"collection":[{"href":"https:\/\/transportelatino.com\/index.php?rest_route=\/wp\/v2\/posts"}],"about":[{"href":"https:\/\/transportelatino.com\/index.php?rest_route=\/wp\/v2\/types\/post"}],"author":[{"embeddable":true,"href":"https:\/\/transportelatino.com\/index.php?rest_route=\/wp\/v2\/users\/1"}],"replies":[{"embeddable":true,"href":"https:\/\/transportelatino.com\/index.php?rest_route=%2Fwp%2Fv2%2Fcomments&post=5192"}],"version-history":[{"count":1,"href":"https:\/\/transportelatino.com\/index.php?rest_route=\/wp\/v2\/posts\/5192\/revisions"}],"predecessor-version":[{"id":5204,"href":"https:\/\/transportelatino.com\/index.php?rest_route=\/wp\/v2\/posts\/5192\/revisions\/5204"}],"wp:featuredmedia":[{"embeddable":true,"href":"https:\/\/transportelatino.com\/index.php?rest_route=\/wp\/v2\/media\/5194"}],"wp:attachment":[{"href":"https:\/\/transportelatino.com\/index.php?rest_route=%2Fwp%2Fv2%2Fmedia&parent=5192"}],"wp:term":[{"taxonomy":"category","embeddable":true,"href":"https:\/\/transportelatino.com\/index.php?rest_route=%2Fwp%2Fv2%2Fcategories&post=5192"},{"taxonomy":"post_tag","embeddable":true,"href":"https:\/\/transportelatino.com\/index.php?rest_route=%2Fwp%2Fv2%2Ftags&post=5192"}],"curies":[{"name":"wp","href":"https:\/\/api.w.org\/{rel}","templated":true}]}}